{"id":3331,"date":"2025-05-05T20:19:35","date_gmt":"2025-05-05T18:19:35","guid":{"rendered":"https:\/\/www.unser-hammelburg.de\/storchennest\/?p=3331"},"modified":"2025-05-05T20:23:25","modified_gmt":"2025-05-05T18:23:25","slug":"kueken-vor-dem-29-april-geschluepft","status":"publish","type":"post","link":"https:\/\/www.unser-hammelburg.de\/storchennest\/2025\/05\/05\/kueken-vor-dem-29-april-geschluepft\/","title":{"rendered":"K\u00fcken vor dem 29. April geschl\u00fcpft"},"content":{"rendered":"\n<p>In diesem Jahr versteckten sich die K\u00fcken einige Tage hinter dem hohen Rand. Lediglich aufgrund des Verhaltens der Eltern konnte man erahnen, dass die K\u00fcken geschl\u00fcpft sein d\u00fcrften. Ganz so wie zun\u00e4chst von mir gedacht d\u00fcrfte es aber nicht her sein. Ich habe ein K\u00fcken heute mit einer gewissen Ungenauigkeit vermessen k\u00f6nnen. Demnach k\u00f6nnte es heute etwa 7-10 Tage alt sein. Sie sind also in jedem Fall vor dem 29. April geschl\u00fcpft, eher sogar am 27\/28. April.<\/p>\n\n\n\n<p>Trotz intensiver Suche habe ich bisher nur zwei K\u00fcken sicher beobachtet. Im Moment gehe ich davon aus, dass auch nur zwei K\u00fcken im Nest sind.<\/p>\n\n\n\n<figure class=\"wp-block-image size-large\"><img loading=\"lazy\" decoding=\"async\" width=\"1024\" height=\"576\" src=\"https:\/\/www.unser-hammelburg.de\/storchennest\/wp-content\/uploads\/2025\/05\/20250505_165657-1024x576.jpg\" alt=\"\" class=\"wp-image-3332\" srcset=\"https:\/\/www.unser-hammelburg.de\/storchennest\/wp-content\/uploads\/2025\/05\/20250505_165657-1024x576.jpg 1024w, https:\/\/www.unser-hammelburg.de\/storchennest\/wp-content\/uploads\/2025\/05\/20250505_165657-300x169.jpg 300w, https:\/\/www.unser-hammelburg.de\/storchennest\/wp-content\/uploads\/2025\/05\/20250505_165657-768x432.jpg 768w, https:\/\/www.unser-hammelburg.de\/storchennest\/wp-content\/uploads\/2025\/05\/20250505_165657-1536x864.jpg 1536w, https:\/\/www.unser-hammelburg.de\/storchennest\/wp-content\/uploads\/2025\/05\/20250505_165657.jpg 1920w\" sizes=\"auto, (max-width: 1024px) 100vw, 1024px\" \/><\/figure>\n\n\n\n<p>Wenn man etwas Gl\u00fcck hat, dann kann man besonders kurz nach dem Aufstehen eines Elternvogels oder beim Wechsel der Elternst\u00f6rche (mit anschlie\u00dfender F\u00fctterung) gut beobachten, wie die Schn\u00e4bel nach oben gestreckt werden. <\/p>\n","protected":false},"excerpt":{"rendered":"<p>In diesem Jahr versteckten sich die K\u00fcken einige Tage hinter dem hohen Rand. Lediglich aufgrund des Verhaltens der Eltern konnte man erahnen, dass die K\u00fcken geschl\u00fcpft sein d\u00fcrften. Ganz so wie zun\u00e4chst von mir gedacht d\u00fcrfte es aber nicht her sein. Ich habe ein K\u00fcken heute mit einer gewissen Ungenauigkeit<\/p>\n","protected":false},"author":2,"featured_media":0,"comment_status":"open","ping_status":"open","sticky":false,"template":"","format":"standard","meta":{"ngg_post_thumbnail":0,"footnotes":""},"categories":[1],"tags":[],"class_list":["post-3331","post","type-post","status-publish","format-standard","hentry","category-allgemein"],"_links":{"self":[{"href":"https:\/\/www.unser-hammelburg.de\/storchennest\/wp-json\/wp\/v2\/posts\/3331","targetHints":{"allow":["GET"]}}],"collection":[{"href":"https:\/\/www.unser-hammelburg.de\/storchennest\/wp-json\/wp\/v2\/posts"}],"about":[{"href":"https:\/\/www.unser-hammelburg.de\/storchennest\/wp-json\/wp\/v2\/types\/post"}],"author":[{"embeddable":true,"href":"https:\/\/www.unser-hammelburg.de\/storchennest\/wp-json\/wp\/v2\/users\/2"}],"replies":[{"embeddable":true,"href":"https:\/\/www.unser-hammelburg.de\/storchennest\/wp-json\/wp\/v2\/comments?post=3331"}],"version-history":[{"count":3,"href":"https:\/\/www.unser-hammelburg.de\/storchennest\/wp-json\/wp\/v2\/posts\/3331\/revisions"}],"predecessor-version":[{"id":3335,"href":"https:\/\/www.unser-hammelburg.de\/storchennest\/wp-json\/wp\/v2\/posts\/3331\/revisions\/3335"}],"wp:attachment":[{"href":"https:\/\/www.unser-hammelburg.de\/storchennest\/wp-json\/wp\/v2\/media?parent=3331"}],"wp:term":[{"taxonomy":"category","embeddable":true,"href":"https:\/\/www.unser-hammelburg.de\/storchennest\/wp-json\/wp\/v2\/categories?post=3331"},{"taxonomy":"post_tag","embeddable":true,"href":"https:\/\/www.unser-hammelburg.de\/storchennest\/wp-json\/wp\/v2\/tags?post=3331"}],"curies":[{"name":"wp","href":"https:\/\/api.w.org\/{rel}","templated":true}]}}